{"id":6680,"date":"2025-08-28T17:02:55","date_gmt":"2025-08-28T15:02:55","guid":{"rendered":"https:\/\/journeys.saltoftheearth.de\/?p=6680"},"modified":"2025-08-28T17:02:56","modified_gmt":"2025-08-28T15:02:56","slug":"nazare","status":"publish","type":"post","link":"https:\/\/journeys.saltoftheearth.de\/?p=6680","title":{"rendered":"Nazar\u00e9"},"content":{"rendered":"\n<p>Nach dem Ende des Surfcamps in Esmoriz (falls Ihr das noch nicht gelesen habt, k\u00f6nnt Ihr das <a href=\"https:\/\/journeys.saltoftheearth.de\/?p=6609\">hier<\/a> nachholen) sind wir ein St\u00fcck weiter die K\u00fcste Portugals hinunter in die kleine K\u00fcstenstadt Figueira da Foz gefahren.&nbsp;<\/p>\n\n\n\n<p>Wir hatten fest eingeplant Nazar\u00e9 zu besuchen (jeder Surfer, der etwas auf sich h\u00e4lt, w\u00fcrde sich das nicht entgehen lassen). Mit dem herannahenden Hurrikan \u201eErin\u201c am Dienstag (was im Sommer \u00e4u\u00dferst selten ist) hatten wir nun eine realistische Chance, die gro\u00dfen Wellen zu sehen, f\u00fcr die Nazar\u00e9 weltweit bekannt ist. Vielleicht w\u00fcrden wir sogar einige Surfer beim Tow-in-Surfen sehen (da die gr\u00f6\u00dferen Wellen zu schnell sind, um hinein zu paddeln, werden Jetskis verwendet, um sie in die Wellen zu ziehen). Und wir wurden nicht entt\u00e4uscht:\u00a0<\/p>\n\n\n\n<figure class=\"wp-block-gallery has-nested-images columns-1 is-cropped wp-block-gallery-1 is-layout-flex wp-block-gallery-is-layout-flex\">\n<figure class=\"wp-block-image size-large\"><img loading=\"lazy\" decoding=\"async\" width=\"1024\" height=\"683\" data-id=\"6694\" src=\"https:\/\/journeys.saltoftheearth.de\/wp-content\/uploads\/2025\/08\/DSCF0541-1024x683.jpg\" alt=\"\" class=\"wp-image-6694\" srcset=\"https:\/\/journeys.saltoftheearth.de\/wp-content\/uploads\/2025\/08\/DSCF0541-1024x683.jpg 1024w, https:\/\/journeys.saltoftheearth.de\/wp-content\/uploads\/2025\/08\/DSCF0541-300x200.jpg 300w, https:\/\/journeys.saltoftheearth.de\/wp-content\/uploads\/2025\/08\/DSCF0541-768x512.jpg 768w, https:\/\/journeys.saltoftheearth.de\/wp-content\/uploads\/2025\/08\/DSCF0541-1536x1024.jpg 1536w, https:\/\/journeys.saltoftheearth.de\/wp-content\/uploads\/2025\/08\/DSCF0541-90x60.jpg 90w, https:\/\/journeys.saltoftheearth.de\/wp-content\/uploads\/2025\/08\/DSCF0541-1320x880.jpg 1320w, https:\/\/journeys.saltoftheearth.de\/wp-content\/uploads\/2025\/08\/DSCF0541.jpg 2048w\" sizes=\"auto, (max-width: 1024px) 100vw, 1024px\" \/><\/figure>\n\n\n\n<figure class=\"wp-block-image size-large\"><img loading=\"lazy\" decoding=\"async\" width=\"768\" height=\"1024\" data-id=\"6685\" src=\"https:\/\/journeys.saltoftheearth.de\/wp-content\/uploads\/2025\/08\/IMG_9863-768x1024.jpeg\" alt=\"\" class=\"wp-image-6685\" srcset=\"https:\/\/journeys.saltoftheearth.de\/wp-content\/uploads\/2025\/08\/IMG_9863-768x1024.jpeg 768w, https:\/\/journeys.saltoftheearth.de\/wp-content\/uploads\/2025\/08\/IMG_9863-225x300.jpeg 225w, https:\/\/journeys.saltoftheearth.de\/wp-content\/uploads\/2025\/08\/IMG_9863-1152x1536.jpeg 1152w, https:\/\/journeys.saltoftheearth.de\/wp-content\/uploads\/2025\/08\/IMG_9863-1536x2048.jpeg 1536w, https:\/\/journeys.saltoftheearth.de\/wp-content\/uploads\/2025\/08\/IMG_9863-45x60.jpeg 45w, https:\/\/journeys.saltoftheearth.de\/wp-content\/uploads\/2025\/08\/IMG_9863-1320x1760.jpeg 1320w, https:\/\/journeys.saltoftheearth.de\/wp-content\/uploads\/2025\/08\/IMG_9863-scaled.jpeg 1920w\" sizes=\"auto, (max-width: 768px) 100vw, 768px\" \/><\/figure>\n<\/figure>\n\n\n\n<p>Als wir gegen 10:00 Uhr in Nazar\u00e9 ankamen, war das kleine Fischerdorf bereits voller Autos, die verzweifelt nach einem Parkplatz suchten. Wir fanden einen (sogar im Schatten), aber eine Stunde sp\u00e4ter h\u00e4tten wir nicht mehr so viel Gl\u00fcck gehabt. Wir liefen die kurze Strecke bis zum Leuchtturm auf der Klippe und wurden von Scharen von Zuschauern und krachenden Wellen am Fu\u00dfe der Klippe begr\u00fc\u00dft. Es gibt viele Eigenschaften, die Nazar\u00e9 zu einem so besonderen Spot f\u00fcr gro\u00dfe Wellen machen (im Internet gibt es jede Menge Artikel dazu), aber eine, die wir besonders sch\u00e4tzten, war, dass die Wellen so nah an der K\u00fcste brechen. An anderen Spots wie Jaws, die weiter entfernt von der K\u00fcste brechen, ist es nicht so einfach, das Spektakel zu beobachten. Aber in Nazar\u00e9 ist man ganz nah am Geschehen.<\/p>\n\n\n\n<figure class=\"wp-block-gallery has-nested-images columns-1 is-cropped wp-block-gallery-2 is-layout-flex wp-block-gallery-is-layout-flex\">\n<figure class=\"wp-block-image size-large\"><img loading=\"lazy\" decoding=\"async\" width=\"1024\" height=\"683\" data-id=\"6690\" src=\"https:\/\/journeys.saltoftheearth.de\/wp-content\/uploads\/2025\/08\/DSCF0501-1024x683.jpg\" alt=\"\" class=\"wp-image-6690\" srcset=\"https:\/\/journeys.saltoftheearth.de\/wp-content\/uploads\/2025\/08\/DSCF0501-1024x683.jpg 1024w, https:\/\/journeys.saltoftheearth.de\/wp-content\/uploads\/2025\/08\/DSCF0501-300x200.jpg 300w, https:\/\/journeys.saltoftheearth.de\/wp-content\/uploads\/2025\/08\/DSCF0501-768x512.jpg 768w, https:\/\/journeys.saltoftheearth.de\/wp-content\/uploads\/2025\/08\/DSCF0501-1536x1024.jpg 1536w, https:\/\/journeys.saltoftheearth.de\/wp-content\/uploads\/2025\/08\/DSCF0501-90x60.jpg 90w, https:\/\/journeys.saltoftheearth.de\/wp-content\/uploads\/2025\/08\/DSCF0501-1320x880.jpg 1320w, https:\/\/journeys.saltoftheearth.de\/wp-content\/uploads\/2025\/08\/DSCF0501.jpg 2048w\" sizes=\"auto, (max-width: 1024px) 100vw, 1024px\" \/><\/figure>\n\n\n\n<figure class=\"wp-block-image size-large\"><img loading=\"lazy\" decoding=\"async\" width=\"1024\" height=\"683\" data-id=\"6692\" src=\"https:\/\/journeys.saltoftheearth.de\/wp-content\/uploads\/2025\/08\/DSCF0486-1024x683.jpg\" alt=\"\" class=\"wp-image-6692\" srcset=\"https:\/\/journeys.saltoftheearth.de\/wp-content\/uploads\/2025\/08\/DSCF0486-1024x683.jpg 1024w, https:\/\/journeys.saltoftheearth.de\/wp-content\/uploads\/2025\/08\/DSCF0486-300x200.jpg 300w, https:\/\/journeys.saltoftheearth.de\/wp-content\/uploads\/2025\/08\/DSCF0486-768x512.jpg 768w, https:\/\/journeys.saltoftheearth.de\/wp-content\/uploads\/2025\/08\/DSCF0486-1536x1024.jpg 1536w, https:\/\/journeys.saltoftheearth.de\/wp-content\/uploads\/2025\/08\/DSCF0486-90x60.jpg 90w, https:\/\/journeys.saltoftheearth.de\/wp-content\/uploads\/2025\/08\/DSCF0486-1320x880.jpg 1320w, https:\/\/journeys.saltoftheearth.de\/wp-content\/uploads\/2025\/08\/DSCF0486.jpg 2048w\" sizes=\"auto, (max-width: 1024px) 100vw, 1024px\" \/><\/figure>\n\n\n\n<figure class=\"wp-block-image size-large\"><img loading=\"lazy\" decoding=\"async\" width=\"1024\" height=\"683\" data-id=\"6691\" src=\"https:\/\/journeys.saltoftheearth.de\/wp-content\/uploads\/2025\/08\/DSCF0507-1024x683.jpg\" alt=\"\" class=\"wp-image-6691\" srcset=\"https:\/\/journeys.saltoftheearth.de\/wp-content\/uploads\/2025\/08\/DSCF0507-1024x683.jpg 1024w, https:\/\/journeys.saltoftheearth.de\/wp-content\/uploads\/2025\/08\/DSCF0507-300x200.jpg 300w, https:\/\/journeys.saltoftheearth.de\/wp-content\/uploads\/2025\/08\/DSCF0507-768x512.jpg 768w, https:\/\/journeys.saltoftheearth.de\/wp-content\/uploads\/2025\/08\/DSCF0507-1536x1024.jpg 1536w, https:\/\/journeys.saltoftheearth.de\/wp-content\/uploads\/2025\/08\/DSCF0507-90x60.jpg 90w, https:\/\/journeys.saltoftheearth.de\/wp-content\/uploads\/2025\/08\/DSCF0507-1320x880.jpg 1320w, https:\/\/journeys.saltoftheearth.de\/wp-content\/uploads\/2025\/08\/DSCF0507.jpg 2048w\" sizes=\"auto, (max-width: 1024px) 100vw, 1024px\" \/><\/figure>\n\n\n\n<figure class=\"wp-block-image size-large\"><img loading=\"lazy\" decoding=\"async\" width=\"1024\" height=\"683\" data-id=\"6689\" src=\"https:\/\/journeys.saltoftheearth.de\/wp-content\/uploads\/2025\/08\/DSCF0484-1024x683.jpg\" alt=\"\" class=\"wp-image-6689\" srcset=\"https:\/\/journeys.saltoftheearth.de\/wp-content\/uploads\/2025\/08\/DSCF0484-1024x683.jpg 1024w, https:\/\/journeys.saltoftheearth.de\/wp-content\/uploads\/2025\/08\/DSCF0484-300x200.jpg 300w, https:\/\/journeys.saltoftheearth.de\/wp-content\/uploads\/2025\/08\/DSCF0484-768x512.jpg 768w, https:\/\/journeys.saltoftheearth.de\/wp-content\/uploads\/2025\/08\/DSCF0484-1536x1024.jpg 1536w, https:\/\/journeys.saltoftheearth.de\/wp-content\/uploads\/2025\/08\/DSCF0484-90x60.jpg 90w, https:\/\/journeys.saltoftheearth.de\/wp-content\/uploads\/2025\/08\/DSCF0484-1320x880.jpg 1320w, https:\/\/journeys.saltoftheearth.de\/wp-content\/uploads\/2025\/08\/DSCF0484.jpg 2048w\" sizes=\"auto, (max-width: 1024px) 100vw, 1024px\" \/><\/figure>\n\n\n\n<figure class=\"wp-block-image size-large\"><img loading=\"lazy\" decoding=\"async\" width=\"1024\" height=\"683\" data-id=\"6688\" src=\"https:\/\/journeys.saltoftheearth.de\/wp-content\/uploads\/2025\/08\/DSCF0461-1024x683.jpg\" alt=\"\" class=\"wp-image-6688\" srcset=\"https:\/\/journeys.saltoftheearth.de\/wp-content\/uploads\/2025\/08\/DSCF0461-1024x683.jpg 1024w, https:\/\/journeys.saltoftheearth.de\/wp-content\/uploads\/2025\/08\/DSCF0461-300x200.jpg 300w, https:\/\/journeys.saltoftheearth.de\/wp-content\/uploads\/2025\/08\/DSCF0461-768x512.jpg 768w, https:\/\/journeys.saltoftheearth.de\/wp-content\/uploads\/2025\/08\/DSCF0461-1536x1024.jpg 1536w, https:\/\/journeys.saltoftheearth.de\/wp-content\/uploads\/2025\/08\/DSCF0461-90x60.jpg 90w, https:\/\/journeys.saltoftheearth.de\/wp-content\/uploads\/2025\/08\/DSCF0461-1320x880.jpg 1320w, https:\/\/journeys.saltoftheearth.de\/wp-content\/uploads\/2025\/08\/DSCF0461.jpg 2048w\" sizes=\"auto, (max-width: 1024px) 100vw, 1024px\" \/><\/figure>\n\n\n\n<figure class=\"wp-block-image size-large\"><img loading=\"lazy\" decoding=\"async\" width=\"1024\" height=\"683\" data-id=\"6687\" src=\"https:\/\/journeys.saltoftheearth.de\/wp-content\/uploads\/2025\/08\/DSCF0450-1024x683.jpg\" alt=\"\" class=\"wp-image-6687\" srcset=\"https:\/\/journeys.saltoftheearth.de\/wp-content\/uploads\/2025\/08\/DSCF0450-1024x683.jpg 1024w, https:\/\/journeys.saltoftheearth.de\/wp-content\/uploads\/2025\/08\/DSCF0450-300x200.jpg 300w, https:\/\/journeys.saltoftheearth.de\/wp-content\/uploads\/2025\/08\/DSCF0450-768x512.jpg 768w, https:\/\/journeys.saltoftheearth.de\/wp-content\/uploads\/2025\/08\/DSCF0450-1536x1024.jpg 1536w, https:\/\/journeys.saltoftheearth.de\/wp-content\/uploads\/2025\/08\/DSCF0450-90x60.jpg 90w, https:\/\/journeys.saltoftheearth.de\/wp-content\/uploads\/2025\/08\/DSCF0450-1320x880.jpg 1320w, https:\/\/journeys.saltoftheearth.de\/wp-content\/uploads\/2025\/08\/DSCF0450.jpg 2048w\" sizes=\"auto, (max-width: 1024px) 100vw, 1024px\" \/><\/figure>\n<\/figure>\n\n\n\n<p>Nachdem wir den Surfern eine Weile  zugesehen hatten, besuchten wir auch noch das kleine Museum. Dort wird erkl\u00e4rt, warum es in Nazar\u00e9 so gro\u00dfe Wellen gibt, und es gibt eine kleine Ausstellung mit Surfbrettern von Big-Wave-Surfern wie Garrett McNamara und dem aktuellen Guinness-Weltrekordhalter Sebastian Steudtner (ein Deutscher!) f\u00fcr die gr\u00f6\u00dfte gesurfte Welle, eine 28,6 m hohe Riesenwelle aus dem Herbst 2020. Am Dienstag waren die Wellen \u201enur\u201d zwischen 6 und 7,5 m hoch. Aber dennoch sehr beeindruckend.<\/p>\n\n\n\n<figure class=\"wp-block-gallery has-nested-images columns-default is-cropped wp-block-gallery-3 is-layout-flex wp-block-gallery-is-layout-flex\">\n<figure class=\"wp-block-image size-large\"><img loading=\"lazy\" decoding=\"async\" width=\"683\" height=\"1024\" data-id=\"6693\" src=\"https:\/\/journeys.saltoftheearth.de\/wp-content\/uploads\/2025\/08\/DSCF0534-683x1024.jpg\" alt=\"\" class=\"wp-image-6693\" srcset=\"https:\/\/journeys.saltoftheearth.de\/wp-content\/uploads\/2025\/08\/DSCF0534-683x1024.jpg 683w, https:\/\/journeys.saltoftheearth.de\/wp-content\/uploads\/2025\/08\/DSCF0534-200x300.jpg 200w, https:\/\/journeys.saltoftheearth.de\/wp-content\/uploads\/2025\/08\/DSCF0534-768x1152.jpg 768w, https:\/\/journeys.saltoftheearth.de\/wp-content\/uploads\/2025\/08\/DSCF0534-1024x1536.jpg 1024w, https:\/\/journeys.saltoftheearth.de\/wp-content\/uploads\/2025\/08\/DSCF0534-40x60.jpg 40w, https:\/\/journeys.saltoftheearth.de\/wp-content\/uploads\/2025\/08\/DSCF0534-1320x1980.jpg 1320w, https:\/\/journeys.saltoftheearth.de\/wp-content\/uploads\/2025\/08\/DSCF0534.jpg 1365w\" sizes=\"auto, (max-width: 683px) 100vw, 683px\" \/><\/figure>\n\n\n\n<figure class=\"wp-block-image size-large\"><img loading=\"lazy\" decoding=\"async\" width=\"683\" height=\"1024\" data-id=\"6686\" src=\"https:\/\/journeys.saltoftheearth.de\/wp-content\/uploads\/2025\/08\/DSCF0524-683x1024.jpg\" alt=\"\" class=\"wp-image-6686\" srcset=\"https:\/\/journeys.saltoftheearth.de\/wp-content\/uploads\/2025\/08\/DSCF0524-683x1024.jpg 683w, https:\/\/journeys.saltoftheearth.de\/wp-content\/uploads\/2025\/08\/DSCF0524-200x300.jpg 200w, https:\/\/journeys.saltoftheearth.de\/wp-content\/uploads\/2025\/08\/DSCF0524-768x1152.jpg 768w, https:\/\/journeys.saltoftheearth.de\/wp-content\/uploads\/2025\/08\/DSCF0524-1024x1536.jpg 1024w, https:\/\/journeys.saltoftheearth.de\/wp-content\/uploads\/2025\/08\/DSCF0524-40x60.jpg 40w, https:\/\/journeys.saltoftheearth.de\/wp-content\/uploads\/2025\/08\/DSCF0524-1320x1980.jpg 1320w, https:\/\/journeys.saltoftheearth.de\/wp-content\/uploads\/2025\/08\/DSCF0524.jpg 1365w\" sizes=\"auto, (max-width: 683px) 100vw, 683px\" \/><\/figure>\n<\/figure>\n\n\n\n<p>Zum Mittagessen gab es leckere Tapas, danach fuhren wir mit der Seilbahn hinunter zum Strand von Nazar\u00e9. Die kleine Stadt war voller Touristen (etwas mehr als sonst im Sommer, die gro\u00dfen Wellen hatten noch mehr Menschen angezogen), aber wir genossen es trotzdem, am Strand entlang zu spazieren und ein Eis zu essen. Da wir f\u00fcr die n\u00e4chsten Surf-Sessions noch etwas Wachs brauchten, machten wir kurz Halt in einem kleinen Surfshop mitten in der Stadt \u2013 und trafen dort Ela und Jean-Luc, die wir letzte Woche im Surfcamp kennengelernt hatten! Was f\u00fcr ein \u201eZufall\u201c \ud83d\ude42<\/p>\n\n\n\n<figure class=\"wp-block-gallery has-nested-images columns-default is-cropped wp-block-gallery-4 is-layout-flex wp-block-gallery-is-layout-flex\">\n<figure class=\"wp-block-image size-large\"><img loading=\"lazy\" decoding=\"async\" width=\"768\" height=\"1024\" data-id=\"6684\" src=\"https:\/\/journeys.saltoftheearth.de\/wp-content\/uploads\/2025\/08\/IMG_4024-768x1024.jpeg\" alt=\"\" class=\"wp-image-6684\" srcset=\"https:\/\/journeys.saltoftheearth.de\/wp-content\/uploads\/2025\/08\/IMG_4024-768x1024.jpeg 768w, https:\/\/journeys.saltoftheearth.de\/wp-content\/uploads\/2025\/08\/IMG_4024-225x300.jpeg 225w, https:\/\/journeys.saltoftheearth.de\/wp-content\/uploads\/2025\/08\/IMG_4024-1152x1536.jpeg 1152w, https:\/\/journeys.saltoftheearth.de\/wp-content\/uploads\/2025\/08\/IMG_4024-1536x2048.jpeg 1536w, https:\/\/journeys.saltoftheearth.de\/wp-content\/uploads\/2025\/08\/IMG_4024-45x60.jpeg 45w, https:\/\/journeys.saltoftheearth.de\/wp-content\/uploads\/2025\/08\/IMG_4024-1320x1760.jpeg 1320w, https:\/\/journeys.saltoftheearth.de\/wp-content\/uploads\/2025\/08\/IMG_4024-scaled.jpeg 1920w\" sizes=\"auto, (max-width: 768px) 100vw, 768px\" \/><\/figure>\n\n\n\n<figure class=\"wp-block-image size-large\"><img loading=\"lazy\" decoding=\"async\" width=\"768\" height=\"1024\" data-id=\"6683\" src=\"https:\/\/journeys.saltoftheearth.de\/wp-content\/uploads\/2025\/08\/IMG_4028-768x1024.jpeg\" alt=\"\" class=\"wp-image-6683\" srcset=\"https:\/\/journeys.saltoftheearth.de\/wp-content\/uploads\/2025\/08\/IMG_4028-768x1024.jpeg 768w, https:\/\/journeys.saltoftheearth.de\/wp-content\/uploads\/2025\/08\/IMG_4028-225x300.jpeg 225w, https:\/\/journeys.saltoftheearth.de\/wp-content\/uploads\/2025\/08\/IMG_4028-1152x1536.jpeg 1152w, https:\/\/journeys.saltoftheearth.de\/wp-content\/uploads\/2025\/08\/IMG_4028-1536x2048.jpeg 1536w, https:\/\/journeys.saltoftheearth.de\/wp-content\/uploads\/2025\/08\/IMG_4028-45x60.jpeg 45w, https:\/\/journeys.saltoftheearth.de\/wp-content\/uploads\/2025\/08\/IMG_4028-1320x1760.jpeg 1320w, https:\/\/journeys.saltoftheearth.de\/wp-content\/uploads\/2025\/08\/IMG_4028-scaled.jpeg 1920w\" sizes=\"auto, (max-width: 768px) 100vw, 768px\" \/><\/figure>\n<\/figure>\n\n\n\n<p>Als wir wieder zum Auto zur\u00fcckgingen (wir hatten es seit dem Morgen nicht bewegt, da wir keinen Parkplatz mehr gefunden h\u00e4tten), bemerkten wir, dass wir meinen Pullover im Surfshop am Strand vergessen hatten. Kein Problem, einfach hinunterfahren und ihn holen. Falsch gedacht. Die Hauptstra\u00dfe hinunter nach Nazar\u00e9 war gesperrt (es waren bereits zu viele Autos dort), also mussten wir einen anderen Weg hinunter finden. Zum Gl\u00fcck fanden wir einen und nach diesem letzten Umweg machten wir uns wieder auf den Weg zu unserer Wohnung in Figueira da Foz.<\/p>\n\n\n\n<p><\/p>\n","protected":false},"excerpt":{"rendered":"<p>Nach dem Ende des Surfcamps in Esmoriz (falls Ihr das noch nicht gelesen habt, k\u00f6nnt Ihr das hier nachholen) sind wir ein St\u00fcck weiter die K\u00fcste Portugals hinunter in die kleine K\u00fcstenstadt Figueira da Foz gefahren.&nbsp; Wir hatten fest eingeplant Nazar\u00e9 zu besuchen (jeder Surfer, der etwas auf sich h\u00e4lt, w\u00fcrde sich das nicht entgehen &hellip; <\/p>\n","protected":false},"author":1,"featured_media":6694,"comment_status":"open","ping_status":"open","sticky":false,"template":"","format":"standard","meta":{"footnotes":""},"categories":[248],"tags":[],"class_list":["post-6680","post","type-post","status-publish","format-standard","has-post-thumbnail","hentry","category-portugal","latest_post"],"_links":{"self":[{"href":"https:\/\/journeys.saltoftheearth.de\/index.php?rest_route=\/wp\/v2\/posts\/6680","targetHints":{"allow":["GET"]}}],"collection":[{"href":"https:\/\/journeys.saltoftheearth.de\/index.php?rest_route=\/wp\/v2\/posts"}],"about":[{"href":"https:\/\/journeys.saltoftheearth.de\/index.php?rest_route=\/wp\/v2\/types\/post"}],"author":[{"embeddable":true,"href":"https:\/\/journeys.saltoftheearth.de\/index.php?rest_route=\/wp\/v2\/users\/1"}],"replies":[{"embeddable":true,"href":"https:\/\/journeys.saltoftheearth.de\/index.php?rest_route=%2Fwp%2Fv2%2Fcomments&post=6680"}],"version-history":[{"count":2,"href":"https:\/\/journeys.saltoftheearth.de\/index.php?rest_route=\/wp\/v2\/posts\/6680\/revisions"}],"predecessor-version":[{"id":6697,"href":"https:\/\/journeys.saltoftheearth.de\/index.php?rest_route=\/wp\/v2\/posts\/6680\/revisions\/6697"}],"wp:featuredmedia":[{"embeddable":true,"href":"https:\/\/journeys.saltoftheearth.de\/index.php?rest_route=\/wp\/v2\/media\/6694"}],"wp:attachment":[{"href":"https:\/\/journeys.saltoftheearth.de\/index.php?rest_route=%2Fwp%2Fv2%2Fmedia&parent=6680"}],"wp:term":[{"taxonomy":"category","embeddable":true,"href":"https:\/\/journeys.saltoftheearth.de\/index.php?rest_route=%2Fwp%2Fv2%2Fcategories&post=6680"},{"taxonomy":"post_tag","embeddable":true,"href":"https:\/\/journeys.saltoftheearth.de\/index.php?rest_route=%2Fwp%2Fv2%2Ftags&post=6680"}],"curies":[{"name":"wp","href":"https:\/\/api.w.org\/{rel}","templated":true}]}}